{"id":3317,"date":"2025-05-12T18:38:39","date_gmt":"2025-05-12T21:38:39","guid":{"rendered":"https:\/\/audiohear.com.br\/?p=3317"},"modified":"2025-05-12T18:51:35","modified_gmt":"2025-05-12T21:51:35","slug":"audicao-infantil","status":"publish","type":"post","link":"https:\/\/audiohear.com.br\/?p=3317","title":{"rendered":"Audi\u00e7\u00e3o Infantil"},"content":{"rendered":"\t\t<div data-elementor-type=\"wp-post\" data-elementor-id=\"3317\" class=\"elementor elementor-3317\" data-elementor-settings=\"{&quot;ha_cmc_init_switcher&quot;:&quot;no&quot;}\" data-elementor-post-type=\"post\">\n\t\t\t\t\t\t<section class=\"elementor-section elementor-top-section elementor-element elementor-element-d6e2c4e elementor-section-boxed elementor-section-height-default elementor-section-height-default\" data-id=\"d6e2c4e\" data-element_type=\"section\" data-e-type=\"section\" data-settings=\"{&quot;_ha_eqh_enable&quot;:false}\">\n\t\t\t\t\t\t<div class=\"elementor-container elementor-column-gap-default\">\n\t\t\t\t\t<div class=\"elementor-column elementor-col-100 elementor-top-column elementor-element elementor-element-11983e9\" data-id=\"11983e9\" data-element_type=\"column\" data-e-type=\"column\">\n\t\t\t<div class=\"elementor-widget-wrap elementor-element-populated\">\n\t\t\t\t\t\t<div class=\"elementor-element elementor-element-bd16a56 elementor-widget elementor-widget-image\" data-id=\"bd16a56\" data-element_type=\"widget\" data-e-type=\"widget\" data-widget_type=\"image.default\">\n\t\t\t\t<div class=\"elementor-widget-container\">\n\t\t\t\t\t\t\t\t\t\t\t\t\t\t\t<img fetchpriority=\"high\" decoding=\"async\" width=\"1024\" height=\"480\" src=\"https:\/\/audiohear.com.br\/wp-content\/uploads\/2025\/05\/audicao-infantil-clinica-especializada-em-audicao-infantil-1024x480.webp\" class=\"attachment-large size-large wp-image-3323\" alt=\"\" srcset=\"https:\/\/audiohear.com.br\/wp-content\/uploads\/2025\/05\/audicao-infantil-clinica-especializada-em-audicao-infantil-1024x480.webp 1024w, https:\/\/audiohear.com.br\/wp-content\/uploads\/2025\/05\/audicao-infantil-clinica-especializada-em-audicao-infantil-300x141.webp 300w, https:\/\/audiohear.com.br\/wp-content\/uploads\/2025\/05\/audicao-infantil-clinica-especializada-em-audicao-infantil-768x360.webp 768w, https:\/\/audiohear.com.br\/wp-content\/uploads\/2025\/05\/audicao-infantil-clinica-especializada-em-audicao-infantil-1536x720.webp 1536w, https:\/\/audiohear.com.br\/wp-content\/uploads\/2025\/05\/audicao-infantil-clinica-especializada-em-audicao-infantil.webp 1920w\" sizes=\"(max-width: 1024px) 100vw, 1024px\" \/>\t\t\t\t\t\t\t\t\t\t\t\t\t\t\t<\/div>\n\t\t\t\t<\/div>\n\t\t\t\t\t<\/div>\n\t\t<\/div>\n\t\t\t\t\t<\/div>\n\t\t<\/section>\n\t\t\t\t<section class=\"elementor-section elementor-top-section elementor-element elementor-element-554fc2a elementor-section-boxed elementor-section-height-default elementor-section-height-default\" data-id=\"554fc2a\" data-element_type=\"section\" data-e-type=\"section\" data-settings=\"{&quot;_ha_eqh_enable&quot;:false}\">\n\t\t\t\t\t\t<div class=\"elementor-container elementor-column-gap-default\">\n\t\t\t\t\t<div class=\"elementor-column elementor-col-100 elementor-top-column elementor-element elementor-element-f43c4cb\" data-id=\"f43c4cb\" data-element_type=\"column\" data-e-type=\"column\">\n\t\t\t<div class=\"elementor-widget-wrap elementor-element-populated\">\n\t\t\t\t\t\t<section class=\"elementor-section elementor-inner-section elementor-element elementor-element-e6dcf68 elementor-section-boxed elementor-section-height-default elementor-section-height-default\" data-id=\"e6dcf68\" data-element_type=\"section\" data-e-type=\"section\" data-settings=\"{&quot;_ha_eqh_enable&quot;:false}\">\n\t\t\t\t\t\t<div class=\"elementor-container elementor-column-gap-default\">\n\t\t\t\t\t<div class=\"elementor-column elementor-col-100 elementor-inner-column elementor-element elementor-element-b5a5994\" data-id=\"b5a5994\" data-element_type=\"column\" data-e-type=\"column\">\n\t\t\t<div class=\"elementor-widget-wrap elementor-element-populated\">\n\t\t\t\t\t\t<div class=\"elementor-element elementor-element-fc07e35 elementor-widget elementor-widget-text-editor\" data-id=\"fc07e35\" data-element_type=\"widget\" data-e-type=\"widget\" data-widget_type=\"text-editor.default\">\n\t\t\t\t<div class=\"elementor-widget-container\">\n\t\t\t\t\t\t\t\t\t<div class=\"spot-text-right\">\n<div class=\"component intro-banner margin4 w50 pos-right component-wait img-fallback component-ready front-page animate\">\n<div class=\"component-content\">\n<div class=\"intro-banner-content\">\n<div class=\"outer-pos-wrapper\">\n<div class=\"inner-pos-wrapper\">\n<div class=\"intro-banner-text\">\n<h1>Porque a audi\u00e7\u00e3o infantil \u00e9 importante<\/h1>\n<p><span class=\"bigger\">Come\u00e7amos a desenvolver linguagem desde o momento em que nascemos. Assim, a perda auditiva quanto mais cedo detectada e tratada, melhor. A combina\u00e7\u00e3o do seu suporte com os melhores aparelhos auditivos, ferramentas e t\u00e9cnicas cria um futuro melhor para seu filho.<\/span><\/p>\n<\/div>\n<div class=\"intro-banner-link\">\u00a0<\/div>\n<\/div>\n<div class=\"sticky-downlink\"><a class=\"disc-down\" tabindex=\"5\" href=\"https:\/\/www.oticon.com.br\/hearing-aid-users\/hearing-loss\/children-with-hearing-loss\/why-childrens-hearing-is-important#Down\">\ue601<\/a><\/div>\n<\/div>\n<\/div>\n<\/div>\n<\/div>\n<div class=\"component submenu-point-spot margin4 component-ready animate\">\n<div class=\"component-content\"><a tabindex=\"5\" name=\"Down\"><\/a><\/div>\n<\/div>\n<div class=\"component two-column-spot margin4 slim component-ready repeating-background animate\">\n<div class=\"component-content\">\n<div class=\"spot-text-header\">\n<h2>A import\u00e2ncia do som<\/h2>\n<\/div>\n<div class=\"spot-text-right\">\n<p class=\"bigger\">A linguagem \u00e9 aprendida atrav\u00e9s da exposi\u00e7\u00e3o a sons. As crian\u00e7as pegam as palavras que ouvem no ambiente. Mas o desenvolvimento do idioma n\u00e3o \u00e9 o \u00fanico que depende da habilidade de seu filho de ouvir. Suas habilidades de escuta tamb\u00e9m influenciam sua capacidade de tanto de ler quanto escrever, e eles influenciam muito as habilidades sociais tamb\u00e9m.<\/p>\n<\/div>\n<div class=\"spot-text-left\">\n<p>Para desenvolver a fala, as crian\u00e7as devem poder ouvir a fala claramente e tamb\u00e9m se ouvirem. Se o seu filho sofre de perda de audi\u00e7\u00e3o, seu desenvolvimento b\u00e1sico de linguagem ser\u00e1 muitas vezes atrasado. \u00c0 medida que seu filho cresce, eles enfrentam uma s\u00e9rie de desafios durante diferentes est\u00e1gios de suas vidas, desde a inf\u00e2ncia at\u00e9 os anos escolares e al\u00e9m. Sua perda de audi\u00e7\u00e3o afetar\u00e1 sua vida de forma diferente na transi\u00e7\u00e3o de estar na seguran\u00e7a de sua casa para estar sozinho em ambientes desafiadores, como escola, esportes e outras atividades de lazer.<\/p>\n<\/div>\n<\/div>\n<\/div>\n<div class=\"component submenu-point-spot component-ready repeating-background animate\">\n<div class=\"component-content\"><a tabindex=\"5\" name=\"BrainHearing\"><\/a><\/div>\n<\/div>\n<div class=\"component intro-banner margin4 w50 component-wait img-fallback component-ready animate\">\n<div class=\"component-content\">\n<div class=\"intro-banner-image\"><img decoding=\"async\" src=\"https:\/\/assets-ue.cas.dgs.com\/-\/media\/oticon\/main\/images\/hearing\/bannerspot\/xnot-only-power-but-empowerment.jpg,qh=900,ala=pt-BR,aw=1920,ahash=CB5E5FED334B7AF94125FBD13B0F2F3E.pagespeed.ic.NaRhr95YRO.webp\" alt=\"\" width=\"1920\" height=\"900\" data-pagespeed-url-hash=\"4205016971\" \/><\/div>\n<div class=\"intro-banner-content\">\n<div class=\"outer-pos-wrapper\">\n<div class=\"inner-pos-wrapper\">\n<div class=\"intro-banner-text\">\n<h2>N\u00e3o apenas poder, mas empoderamento<\/h2>\n<p>Embora a perda auditiva ocorra nos ouvidos, o efeito real est\u00e1 no c\u00e9rebro. S\u00e3o os centros auditivos do c\u00e9rebro que fazem sentido do som, de modo que as estruturas cerebrais devem ser estimuladas a se desenvolver. As orelhas recebem sons e enviam sinais para o c\u00e9rebro, onde s\u00e3o processados para dar significado.\u00a0<\/p>\n<p>A tecnologia \u00fanica dos nossos aparelhos, a\u00a0<a tabindex=\"5\" href=\"https:\/\/www.oticon.com.br\/hearing-aid-users\/hearing-loss\/understand-hearing-loss\/how-hearing-works\">BrainHearing\u2122<\/a>\u00a0, foca em dar ao c\u00e9rebro do seu filho o sinal mais claro poss\u00edvel para obter o m\u00e1ximo de sua audi\u00e7\u00e3o.<\/p>\n<p><strong><a tabindex=\"5\" href=\"https:\/\/www.oticon.com.br\/hearing-aid-users\/hearing-aids\/children-and-teens\/sensei\">Aparelhos auditivos com tecnologia BrainHearing \u2122\u00a0<\/a>\u2013 Apoie o desenvolvimento de linguagem do seu filho:<\/strong><\/p>\n<\/div>\n<div class=\"intro-banner-link\">\u00a0<\/div>\n<\/div>\n<\/div>\n<\/div>\n<\/div>\n<\/div>\n<div class=\"component submenu-point-spot component-ready animate\">\n<div class=\"component-content\"><a tabindex=\"5\" name=\"brain\"><\/a><\/div>\n<\/div>\n<div class=\"component rich-text slim component-ready repeating-background animate\">\n<div class=\"component-content\">\n<h2>O c\u00e9rebro se desenvolve \u00e0 medida que seu filho cresce<\/h2>\n<\/div>\n<\/div>\n<div class=\"component rich-text margin4 slim component-ready repeating-background animate\">\n<div class=\"component-content\">\n<p class=\"bigger\">Muitos pais acreditam que os aparelhos auditivos restaurar\u00e3o a audi\u00e7\u00e3o de seus filhos. Infelizmente, eles n\u00e3o podem. Mas eles podem ajudar a melhorar a qualidade de vida do seu filho e eles s\u00e3o fundamentais para a aprendizagem. Com a tecnologia de hoje, as crian\u00e7as podem ser equipadas com aparelhos auditivos\u00a0<a tabindex=\"5\" href=\"https:\/\/www.oticon.com.br\/hearing-aid-users\/hearing-loss\/children-with-hearing-loss\/infant-to-toddler-0-to-3-years\">dentro das primeiras semanas cruciais ou meses ap\u00f3s o nascimento.<\/a><\/p>\n<p>N\u00f3s aprendemos ao longo de nossas vidas. Desde o momento em que nascemos, aprendemos observando e imitando nossos pais, familiares e amigos. Mais tarde, ao frequentar a escola, conseguir um emprego e levar uma vida ativa, continuamos o processo de aprendizagem. Crian\u00e7as com perda auditiva podem viver vidas t\u00e3o cheias e produtivas quanto outras crian\u00e7as. Eles s\u00f3 precisam de suporte adicional para aprender.<\/p>\n<p><strong>O primeiro passo para usar aparelhos auditivos<\/strong><br \/>Para desenvolver linguagem completa, rica e verbal, as crian\u00e7as devem ser capazes de sintonizar os sons de fala em torno deles. \u00c9 fundamental poder ouvir o m\u00e1ximo poss\u00edvel durante todas as horas do dia. Assim como voc\u00ea confia na luz para se movimentar com confian\u00e7a e compreender e desfrutar de todas as atividades em torno de voc\u00ea, da mesma forma seu filho depende de seus aparelhos auditivos para ajud\u00e1-los a aproveitar ao m\u00e1ximo seus arredores para suportar sua linguagem desenvolvimento.<\/p>\n<p><strong>Ajuda ao desenvolvimento de estruturas essenciais do c\u00e9rebro<\/strong><br \/>Mesmo as crian\u00e7as com audi\u00e7\u00e3o m\u00ednima podem se beneficiar dos aparelhos auditivos, porque o som amplificado produz estimula\u00e7\u00e3o e apoia o crescimento dos centros auditivos do c\u00e9rebro. Essas estruturas cerebrais s\u00e3o melhor desenvolvidas e se tornam mais interconectadas quando uma crian\u00e7a \u00e9 muito jovem. Isso \u00e9 importante para o vocabul\u00e1rio de uma crian\u00e7a: muitas vezes o vocabul\u00e1rio de uma crian\u00e7a quadruplica entre o primeiro e o segundo aniversario. \u00c9 por isso que \u00e9 importante obter aparelhos auditivos o mais cedo poss\u00edvel.<\/p>\n<\/div>\n<\/div>\n<div class=\"component submenu-point-spot component-ready repeating-background animate\">\n<div class=\"component-content\"><a tabindex=\"5\" name=\"Comunica\u00e7\u00e3o\"><\/a><\/div>\n<\/div>\n<div class=\"component text-image-spot margin4 tposmiddle inoborder component-ready version2 animate\">\n<div class=\"component-content\">\n<div class=\"text-image-spot-image-container\">\n<div class=\"text-image-spot-image\"><img decoding=\"async\" src=\"https:\/\/assets-ue.cas.dgs.com\/-\/media\/oticon\/main\/images\/hearing\/text-image-spot\/xclear-communication.jpg,qh=1100,ala=pt-BR,aw=1920,ahash=805EE8E61E1D3841EA3B8FE19FF5FE3E.pagespeed.ic.fDQ78OZP5e.webp\" alt=\"\" width=\"1920\" height=\"1100\" data-pagespeed-url-hash=\"3820913173\" \/><\/div>\n<\/div>\n<div class=\"text-image-spot-text-container\">\n<div class=\"text-image-spot-text\">\n<h2>Comunica\u00e7\u00e3o clara<\/h2>\n<p class=\"bigger\">Crian\u00e7as com perda de audi\u00e7\u00e3o devem estar perto do falante, a fim de detectar e ouvir confortavelmente o que est\u00e1 sendo dito. Voc\u00ea pode apoiar seu filho em situa\u00e7\u00f5es cotidianas e ajud\u00e1-los a entender e desenvolver o discurso, mantendo em mente algumas regras b\u00e1sicas.<\/p>\n<p>Quando nos comunicamos, usamos mais do que apenas linguagem falada. Usamos nossas m\u00e3os, linguagem corporal e express\u00f5es faciais. \u00c9 necess\u00e1rio muito esfor\u00e7o para o seu filho acompanhar as pessoas ouvidas, ent\u00e3o mantenha-se bem claro em sua comunica\u00e7\u00e3o e mantenha as 3 regras b\u00e1sicas abaixo. Voc\u00ea tamb\u00e9m pode compartilhar as dicas de comunica\u00e7\u00e3o com seu filho. E com a ajuda de seus professores, seu filho tamb\u00e9m pode us\u00e1-los para\u00a0<a tabindex=\"5\" href=\"https:\/\/www.oticon.com.br\/hearing-aid-users\/hearing-loss\/children-with-hearing-loss\/schoolchild-6-to-12-years#empower\">auto-defesa<\/a>\u00a0na escola.<\/p>\n<\/div>\n<\/div>\n<div class=\"clearfix\">\u00a0<\/div>\n<\/div>\n<\/div>\n<div class=\"component submenu-point-spot component-ready animate\">\n<div class=\"component-content\"><a tabindex=\"5\" name=\"H\u00e1bitos\"><\/a><\/div>\n<\/div>\n<div class=\"component image-spot margin4 round-spot component-ready repeating-background animate\">\n<div class=\"component-content\">\n<ul class=\"image-spot-elements\">\n<li class=\"image-spot-element\">\n<div id=\"keepyourfaceinview-ha-style\" class=\"image-spot-element-image\"><img loading=\"lazy\" decoding=\"async\" src=\"https:\/\/assets-ue.cas.dgs.com\/-\/media\/oticon\/main\/images\/hearing\/imagespot\/xkeep-your-face-in-view.jpg,qh=382,ala=pt-BR,aw=382,ahash=1E062A5DED83E1C200CE1586F000FC69.pagespeed.ic.q08IEfAoZa.webp\" alt=\"\" width=\"382\" height=\"382\" data-pagespeed-url-hash=\"1002254535\" \/><\/div>\n<div class=\"image-spot-element-header\">\n<h4>Mantenha seu rosto \u00e0 vista<\/h4>\n<\/div>\n<div class=\"image-spot-element-text\">\n<p>Se o seu rosto estiver bem iluminado, seu filho pode facilmente ver suas express\u00f5es faciais e ler seus l\u00e1bios. Ent\u00e3o, evite descansar o rosto na m\u00e3o ou ficar sentado atr\u00e1s de um jornal enquanto fala.<\/p>\n<\/div>\n<\/li>\n<li class=\"image-spot-element\">\n<div id=\"speakclearly-ha-style\" class=\"image-spot-element-image\"><img loading=\"lazy\" decoding=\"async\" src=\"https:\/\/assets-ue.cas.dgs.com\/-\/media\/oticon\/main\/images\/hearing\/imagespot\/xspeak-clearly.jpg,qh=382,ala=pt-BR,aw=382,ahash=D4F87F7E055E7D41EFF8273A9B74C325.pagespeed.ic.wc223auXK6.webp\" alt=\"\" width=\"382\" height=\"382\" data-pagespeed-url-hash=\"1819165621\" \/><\/div>\n<div class=\"image-spot-element-header\">\n<h4>Fale claramente<\/h4>\n<\/div>\n<div class=\"image-spot-element-text\">\n<p>Fale claramente e no seu ritmo normal, e lembre-se de que n\u00e3o h\u00e1 necessidade de gritar. Se o seu filho tiver dificuldade em entender voc\u00ea, tente reformular a frase ao inv\u00e9s de apenas se repetir.<\/p>\n<\/div>\n<\/li>\n<li class=\"image-spot-element\">\n<div id=\"avoidbackgroundnoise-ha-style\" class=\"image-spot-element-image\"><img loading=\"lazy\" decoding=\"async\" src=\"https:\/\/assets-ue.cas.dgs.com\/-\/media\/oticon\/main\/images\/hearing\/imagespot\/xavoid-background-noise.jpg,qh=382,ala=pt-BR,aw=382,arev=9525,ahash=ECC21DCF84F93A3AED2D27ACAE2B47E8.pagespeed.ic.KHUsQGmhTl.webp\" alt=\"avoid-background-noise\" width=\"382\" height=\"382\" data-pagespeed-url-hash=\"2446381769\" \/><\/div>\n<div class=\"image-spot-element-header\">\n<h4>Evite barulho de fundo<\/h4>\n<\/div>\n<div class=\"image-spot-element-text\">\n<p>Ao falar, tente evitar o ru\u00eddo de fundo. Desligue a televis\u00e3o e feche qualquer janela aberta. Mova-se mais perto do seu filho para aumentar sua voz, ou tente encontrar um lugar mais silencioso para conversar.<\/p>\n<\/div>\n<\/li>\n<\/ul>\n<div class=\"clearfix\">\u00a0<\/div>\n<\/div>\n<\/div>\n<div class=\"component intro-banner margin4 w50 component-wait img-fallback component-ready animate\">\n<div class=\"component-content\">\n<div class=\"intro-banner-image\"><img loading=\"lazy\" decoding=\"async\" src=\"https:\/\/assets-ue.cas.dgs.com\/-\/media\/oticon\/main\/images\/hearing\/bannerspot\/xother-communication-techniques.jpg,qh=700,ala=pt-BR,aw=1920,ahash=96AA5B5B92BD1F3FB47B47B36988C979.pagespeed.ic.BFranCFZ1o.webp\" alt=\"\" width=\"1920\" height=\"700\" data-pagespeed-url-hash=\"4223421356\" \/><\/div>\n<div class=\"intro-banner-content\">\n<div class=\"outer-pos-wrapper\">\n<div class=\"inner-pos-wrapper\">\n<div class=\"intro-banner-text\">\u00a0<\/div>\n<\/div>\n<\/div>\n<\/div>\n<\/div>\n<\/div>\n<\/div>\t\t\t\t\t\t\t\t<\/div>\n\t\t\t\t<\/div>\n\t\t\t\t\t<\/div>\n\t\t<\/div>\n\t\t\t\t\t<\/div>\n\t\t<\/section>\n\t\t\t\t\t<\/div>\n\t\t<\/div>\n\t\t\t\t\t<\/div>\n\t\t<\/section>\n\t\t\t\t<\/div>\n\t\t","protected":false},"excerpt":{"rendered":"<p>Porque a audi\u00e7\u00e3o infantil \u00e9 importante Come\u00e7amos a desenvolver linguagem desde o momento em que nascemos. Assim, a perda auditiva quanto mais cedo detectada e tratada, melhor. A combina\u00e7\u00e3o do seu suporte com os melhores aparelhos auditivos, ferramentas e t\u00e9cnicas cria um futuro melhor para seu filho. \u00a0 \ue601 A import\u00e2ncia do som A linguagem [&hellip;]<\/p>\n","protected":false},"author":2,"featured_media":3323,"comment_status":"open","ping_status":"open","sticky":false,"template":"elementor_header_footer","format":"standard","meta":{"footnotes":""},"categories":[1],"tags":[],"class_list":["post-3317","post","type-post","status-publish","format-standard","has-post-thumbnail","hentry","category-dicas-de-exames-audiologicos","entry","has-media"],"jetpack_featured_media_url":"https:\/\/audiohear.com.br\/wp-content\/uploads\/2025\/05\/audicao-infantil-clinica-especializada-em-audicao-infantil.webp","_links":{"self":[{"href":"https:\/\/audiohear.com.br\/index.php?rest_route=\/wp\/v2\/posts\/3317","targetHints":{"allow":["GET"]}}],"collection":[{"href":"https:\/\/audiohear.com.br\/index.php?rest_route=\/wp\/v2\/posts"}],"about":[{"href":"https:\/\/audiohear.com.br\/index.php?rest_route=\/wp\/v2\/types\/post"}],"author":[{"embeddable":true,"href":"https:\/\/audiohear.com.br\/index.php?rest_route=\/wp\/v2\/users\/2"}],"replies":[{"embeddable":true,"href":"https:\/\/audiohear.com.br\/index.php?rest_route=%2Fwp%2Fv2%2Fcomments&post=3317"}],"version-history":[{"count":10,"href":"https:\/\/audiohear.com.br\/index.php?rest_route=\/wp\/v2\/posts\/3317\/revisions"}],"predecessor-version":[{"id":3334,"href":"https:\/\/audiohear.com.br\/index.php?rest_route=\/wp\/v2\/posts\/3317\/revisions\/3334"}],"wp:featuredmedia":[{"embeddable":true,"href":"https:\/\/audiohear.com.br\/index.php?rest_route=\/wp\/v2\/media\/3323"}],"wp:attachment":[{"href":"https:\/\/audiohear.com.br\/index.php?rest_route=%2Fwp%2Fv2%2Fmedia&parent=3317"}],"wp:term":[{"taxonomy":"category","embeddable":true,"href":"https:\/\/audiohear.com.br\/index.php?rest_route=%2Fwp%2Fv2%2Fcategories&post=3317"},{"taxonomy":"post_tag","embeddable":true,"href":"https:\/\/audiohear.com.br\/index.php?rest_route=%2Fwp%2Fv2%2Ftags&post=3317"}],"curies":[{"name":"wp","href":"https:\/\/api.w.org\/{rel}","templated":true}]}}