{"id":3306,"date":"2025-05-12T18:19:41","date_gmt":"2025-05-12T21:19:41","guid":{"rendered":"https:\/\/audiohear.com.br\/?p=3306"},"modified":"2025-05-12T18:29:38","modified_gmt":"2025-05-12T21:29:38","slug":"sintomas-da-perda-auditiva","status":"publish","type":"post","link":"https:\/\/audiohear.com.br\/?p=3306","title":{"rendered":"O que \u00e9 perda auditiva"},"content":{"rendered":"\t\t<div data-elementor-type=\"wp-post\" data-elementor-id=\"3306\" class=\"elementor elementor-3306\" data-elementor-settings=\"{&quot;ha_cmc_init_switcher&quot;:&quot;no&quot;}\" data-elementor-post-type=\"post\">\n\t\t\t\t\t\t<section class=\"elementor-section elementor-top-section elementor-element elementor-element-b2e2975 elementor-section-boxed elementor-section-height-default elementor-section-height-default\" data-id=\"b2e2975\" data-element_type=\"section\" data-e-type=\"section\" data-settings=\"{&quot;_ha_eqh_enable&quot;:false}\">\n\t\t\t\t\t\t<div class=\"elementor-container elementor-column-gap-default\">\n\t\t\t\t\t<div class=\"elementor-column elementor-col-100 elementor-top-column elementor-element elementor-element-db88fe3\" data-id=\"db88fe3\" data-element_type=\"column\" data-e-type=\"column\">\n\t\t\t<div class=\"elementor-widget-wrap elementor-element-populated\">\n\t\t\t\t\t\t<div class=\"elementor-element elementor-element-e7e4409 elementor-widget elementor-widget-heading\" data-id=\"e7e4409\" data-element_type=\"widget\" data-e-type=\"widget\" data-widget_type=\"heading.default\">\n\t\t\t\t<div class=\"elementor-widget-container\">\n\t\t\t\t\t<h2 class=\"elementor-heading-title elementor-size-default\">1 em 6 adultos possuem\nalgum grau de perda auditiva.<\/h2>\t\t\t\t<\/div>\n\t\t\t\t<\/div>\n\t\t\t\t\t<\/div>\n\t\t<\/div>\n\t\t\t\t\t<\/div>\n\t\t<\/section>\n\t\t\t\t<section class=\"elementor-section elementor-top-section elementor-element elementor-element-dcd5b5b elementor-section-boxed elementor-section-height-default elementor-section-height-default\" data-id=\"dcd5b5b\" data-element_type=\"section\" data-e-type=\"section\" data-settings=\"{&quot;_ha_eqh_enable&quot;:false}\">\n\t\t\t\t\t\t<div class=\"elementor-container elementor-column-gap-default\">\n\t\t\t\t\t<div class=\"elementor-column elementor-col-100 elementor-top-column elementor-element elementor-element-ef5402f\" data-id=\"ef5402f\" data-element_type=\"column\" data-e-type=\"column\">\n\t\t\t<div class=\"elementor-widget-wrap elementor-element-populated\">\n\t\t\t\t\t\t<section class=\"elementor-section elementor-inner-section elementor-element elementor-element-6e87af8 elementor-section-boxed elementor-section-height-default elementor-section-height-default\" data-id=\"6e87af8\" data-element_type=\"section\" data-e-type=\"section\" data-settings=\"{&quot;_ha_eqh_enable&quot;:false}\">\n\t\t\t\t\t\t<div class=\"elementor-container elementor-column-gap-default\">\n\t\t\t\t\t<div class=\"elementor-column elementor-col-100 elementor-inner-column elementor-element elementor-element-3af8ea3\" data-id=\"3af8ea3\" data-element_type=\"column\" data-e-type=\"column\">\n\t\t\t<div class=\"elementor-widget-wrap elementor-element-populated\">\n\t\t\t\t\t\t<div class=\"elementor-element elementor-element-45ba5f1 elementor-widget elementor-widget-text-editor\" data-id=\"45ba5f1\" data-element_type=\"widget\" data-e-type=\"widget\" data-widget_type=\"text-editor.default\">\n\t\t\t\t<div class=\"elementor-widget-container\">\n\t\t\t\t\t\t\t\t\t<div class=\"spot-text-right\"><p class=\"bigger\">Imagine jantar em um restaurante movimentado. No fundo, existem pratos raspando, cadeiras arrastando, pessoas falando e rindo, e gar\u00e7ons correndo. Voc\u00ea est\u00e1 esfor\u00e7ando-se para acompanhar o que est\u00e1 acontecendo em sua mesa &#8211; e o esfor\u00e7o de fazer isso est\u00e1 come\u00e7ando a fazer voc\u00ea se sentir mais e mais cansado<\/p><\/div><div class=\"spot-text-left\"><p>Eventualmente, voc\u00ea come\u00e7a a fingir que pode ouvir. Voc\u00ea acena com a cabe\u00e7a, parece interessado e ri com a multid\u00e3o, mesmo que voc\u00ea n\u00e3o tenha entendido as brincadeiras. Voc\u00ea come\u00e7a a se sentir deixado de fora. Quando voc\u00ea sai do restaurante, tem dor de cabe\u00e7a palpitante, desapontamento e n\u00e3o planeja repetir a experi\u00eancia t\u00e3o cedo.\u00a0<\/p><\/div>\t\t\t\t\t\t\t\t<\/div>\n\t\t\t\t<\/div>\n\t\t\t\t\t<\/div>\n\t\t<\/div>\n\t\t\t\t\t<\/div>\n\t\t<\/section>\n\t\t\t\t\t<\/div>\n\t\t<\/div>\n\t\t\t\t\t<\/div>\n\t\t<\/section>\n\t\t\t\t<section class=\"elementor-section elementor-top-section elementor-element elementor-element-ab0103a elementor-section-boxed elementor-section-height-default elementor-section-height-default\" data-id=\"ab0103a\" data-element_type=\"section\" data-e-type=\"section\" data-settings=\"{&quot;_ha_eqh_enable&quot;:false}\">\n\t\t\t\t\t\t<div class=\"elementor-container elementor-column-gap-default\">\n\t\t\t\t\t<div class=\"elementor-column elementor-col-100 elementor-top-column elementor-element elementor-element-11c6211\" data-id=\"11c6211\" data-element_type=\"column\" data-e-type=\"column\">\n\t\t\t<div class=\"elementor-widget-wrap elementor-element-populated\">\n\t\t\t\t\t\t<div class=\"elementor-element elementor-element-a6e0fa3 elementor-widget elementor-widget-heading\" data-id=\"a6e0fa3\" data-element_type=\"widget\" data-e-type=\"widget\" data-widget_type=\"heading.default\">\n\t\t\t\t<div class=\"elementor-widget-container\">\n\t\t\t\t\t<h2 class=\"elementor-heading-title elementor-size-default\">A perda de audi\u00e7\u00e3o difere da perda de vis\u00e3o<\/h2>\t\t\t\t<\/div>\n\t\t\t\t<\/div>\n\t\t\t\t\t<\/div>\n\t\t<\/div>\n\t\t\t\t\t<\/div>\n\t\t<\/section>\n\t\t\t\t<section class=\"elementor-section elementor-top-section elementor-element elementor-element-554fc2a elementor-section-boxed elementor-section-height-default elementor-section-height-default\" data-id=\"554fc2a\" data-element_type=\"section\" data-e-type=\"section\" data-settings=\"{&quot;_ha_eqh_enable&quot;:false}\">\n\t\t\t\t\t\t<div class=\"elementor-container elementor-column-gap-default\">\n\t\t\t\t\t<div class=\"elementor-column elementor-col-100 elementor-top-column elementor-element elementor-element-f43c4cb\" data-id=\"f43c4cb\" data-element_type=\"column\" data-e-type=\"column\">\n\t\t\t<div class=\"elementor-widget-wrap elementor-element-populated\">\n\t\t\t\t\t\t<section class=\"elementor-section elementor-inner-section elementor-element elementor-element-e6dcf68 elementor-section-boxed elementor-section-height-default elementor-section-height-default\" data-id=\"e6dcf68\" data-element_type=\"section\" data-e-type=\"section\" data-settings=\"{&quot;_ha_eqh_enable&quot;:false}\">\n\t\t\t\t\t\t<div class=\"elementor-container elementor-column-gap-default\">\n\t\t\t\t\t<div class=\"elementor-column elementor-col-100 elementor-inner-column elementor-element elementor-element-b5a5994\" data-id=\"b5a5994\" data-element_type=\"column\" data-e-type=\"column\">\n\t\t\t<div class=\"elementor-widget-wrap elementor-element-populated\">\n\t\t\t\t\t\t<div class=\"elementor-element elementor-element-fc07e35 elementor-widget elementor-widget-text-editor\" data-id=\"fc07e35\" data-element_type=\"widget\" data-e-type=\"widget\" data-widget_type=\"text-editor.default\">\n\t\t\t\t<div class=\"elementor-widget-container\">\n\t\t\t\t\t\t\t\t\t<div class=\"spot-text-right\"><p class=\"bigger\">Tal como acontece com o olho, o desempenho da orelha \u00e9 afetado pelo envelhecimento. No entanto, a m\u00e1 vis\u00e3o gradualmente torna a leitura mais dif\u00edcil \u00e0 medida que as letras ficam menores, mas a perda auditiva \u00e9 diferente.<br \/><br \/>A perda de audi\u00e7\u00e3o pode fazer certas s\u00edlabas e sons mais dif\u00edceis de ouvir. Por exemplo, consoantes agudas s\u00e3o facilmente afugentadas por vogais mais altas e baixas. Isso resulta em uma pessoa com perda de audi\u00e7\u00e3o reclamando que eles podem ouvir os outros est\u00e3o falando, mas n\u00e3o o que eles est\u00e3o dizendo.<\/p><\/div>\t\t\t\t\t\t\t\t<\/div>\n\t\t\t\t<\/div>\n\t\t\t\t\t<\/div>\n\t\t<\/div>\n\t\t\t\t\t<\/div>\n\t\t<\/section>\n\t\t\t\t\t<\/div>\n\t\t<\/div>\n\t\t\t\t\t<\/div>\n\t\t<\/section>\n\t\t\t\t<section class=\"elementor-section elementor-top-section elementor-element elementor-element-c19c20d elementor-section-boxed elementor-section-height-default elementor-section-height-default\" data-id=\"c19c20d\" data-element_type=\"section\" data-e-type=\"section\" data-settings=\"{&quot;_ha_eqh_enable&quot;:false}\">\n\t\t\t\t\t\t<div class=\"elementor-container elementor-column-gap-default\">\n\t\t\t\t\t<div class=\"elementor-column elementor-col-33 elementor-top-column elementor-element elementor-element-3c7cccb\" data-id=\"3c7cccb\" data-element_type=\"column\" data-e-type=\"column\">\n\t\t\t<div class=\"elementor-widget-wrap elementor-element-populated\">\n\t\t\t\t\t\t<div class=\"elementor-element elementor-element-fbae78c elementor-widget elementor-widget-image\" data-id=\"fbae78c\" data-element_type=\"widget\" data-e-type=\"widget\" data-widget_type=\"image.default\">\n\t\t\t\t<div class=\"elementor-widget-container\">\n\t\t\t\t\t\t\t\t\t\t\t\t\t\t\t<img fetchpriority=\"high\" decoding=\"async\" width=\"280\" height=\"480\" src=\"https:\/\/audiohear.com.br\/wp-content\/uploads\/2025\/05\/clinica-de-exames-audiologicos-em-jaragua-do-sul2.webp\" class=\"attachment-full size-full wp-image-3310\" alt=\"\" srcset=\"https:\/\/audiohear.com.br\/wp-content\/uploads\/2025\/05\/clinica-de-exames-audiologicos-em-jaragua-do-sul2.webp 280w, https:\/\/audiohear.com.br\/wp-content\/uploads\/2025\/05\/clinica-de-exames-audiologicos-em-jaragua-do-sul2-175x300.webp 175w\" sizes=\"(max-width: 280px) 100vw, 280px\" \/>\t\t\t\t\t\t\t\t\t\t\t\t\t\t\t<\/div>\n\t\t\t\t<\/div>\n\t\t\t\t<div class=\"elementor-element elementor-element-6d97f86 elementor-widget elementor-widget-text-editor\" data-id=\"6d97f86\" data-element_type=\"widget\" data-e-type=\"widget\" data-widget_type=\"text-editor.default\">\n\t\t\t\t<div class=\"elementor-widget-container\">\n\t\t\t\t\t\t\t\t\t<p>Audi\u00e7\u00e3o normal<\/p>\t\t\t\t\t\t\t\t<\/div>\n\t\t\t\t<\/div>\n\t\t\t\t\t<\/div>\n\t\t<\/div>\n\t\t\t\t<div class=\"elementor-column elementor-col-33 elementor-top-column elementor-element elementor-element-c1e2770\" data-id=\"c1e2770\" data-element_type=\"column\" data-e-type=\"column\">\n\t\t\t<div class=\"elementor-widget-wrap elementor-element-populated\">\n\t\t\t\t\t\t<div class=\"elementor-element elementor-element-23beff3 elementor-widget elementor-widget-image\" data-id=\"23beff3\" data-element_type=\"widget\" data-e-type=\"widget\" data-widget_type=\"image.default\">\n\t\t\t\t<div class=\"elementor-widget-container\">\n\t\t\t\t\t\t\t\t\t\t\t\t\t\t\t<img decoding=\"async\" width=\"280\" height=\"480\" src=\"https:\/\/audiohear.com.br\/wp-content\/uploads\/2025\/05\/clinica-de-exames-audiologicos-em-jaragua-do-sul1.webp\" class=\"attachment-full size-full wp-image-3309\" alt=\"\" srcset=\"https:\/\/audiohear.com.br\/wp-content\/uploads\/2025\/05\/clinica-de-exames-audiologicos-em-jaragua-do-sul1.webp 280w, https:\/\/audiohear.com.br\/wp-content\/uploads\/2025\/05\/clinica-de-exames-audiologicos-em-jaragua-do-sul1-175x300.webp 175w\" sizes=\"(max-width: 280px) 100vw, 280px\" \/>\t\t\t\t\t\t\t\t\t\t\t\t\t\t\t<\/div>\n\t\t\t\t<\/div>\n\t\t\t\t<div class=\"elementor-element elementor-element-89adc6e elementor-widget elementor-widget-text-editor\" data-id=\"89adc6e\" data-element_type=\"widget\" data-e-type=\"widget\" data-widget_type=\"text-editor.default\">\n\t\t\t\t<div class=\"elementor-widget-container\">\n\t\t\t\t\t\t\t\t\t<p>Defici\u00eancia visual<\/p>\t\t\t\t\t\t\t\t<\/div>\n\t\t\t\t<\/div>\n\t\t\t\t\t<\/div>\n\t\t<\/div>\n\t\t\t\t<div class=\"elementor-column elementor-col-33 elementor-top-column elementor-element elementor-element-6172a4f\" data-id=\"6172a4f\" data-element_type=\"column\" data-e-type=\"column\">\n\t\t\t<div class=\"elementor-widget-wrap elementor-element-populated\">\n\t\t\t\t\t\t<div class=\"elementor-element elementor-element-3f265b5 elementor-widget elementor-widget-image\" data-id=\"3f265b5\" data-element_type=\"widget\" data-e-type=\"widget\" data-widget_type=\"image.default\">\n\t\t\t\t<div class=\"elementor-widget-container\">\n\t\t\t\t\t\t\t\t\t\t\t\t\t\t\t<img decoding=\"async\" width=\"280\" height=\"480\" src=\"https:\/\/audiohear.com.br\/wp-content\/uploads\/2025\/05\/clinica-de-exames-audiologicos-em-jaragua-do-sul.webp\" class=\"attachment-full size-full wp-image-3308\" alt=\"\" srcset=\"https:\/\/audiohear.com.br\/wp-content\/uploads\/2025\/05\/clinica-de-exames-audiologicos-em-jaragua-do-sul.webp 280w, https:\/\/audiohear.com.br\/wp-content\/uploads\/2025\/05\/clinica-de-exames-audiologicos-em-jaragua-do-sul-175x300.webp 175w\" sizes=\"(max-width: 280px) 100vw, 280px\" \/>\t\t\t\t\t\t\t\t\t\t\t\t\t\t\t<\/div>\n\t\t\t\t<\/div>\n\t\t\t\t<div class=\"elementor-element elementor-element-8767bc9 elementor-widget elementor-widget-text-editor\" data-id=\"8767bc9\" data-element_type=\"widget\" data-e-type=\"widget\" data-widget_type=\"text-editor.default\">\n\t\t\t\t<div class=\"elementor-widget-container\">\n\t\t\t\t\t\t\t\t\t<p>Defici\u00eancia auditiva<\/p>\t\t\t\t\t\t\t\t<\/div>\n\t\t\t\t<\/div>\n\t\t\t\t\t<\/div>\n\t\t<\/div>\n\t\t\t\t\t<\/div>\n\t\t<\/section>\n\t\t\t\t<section class=\"elementor-section elementor-top-section elementor-element elementor-element-d7e1995 elementor-section-boxed elementor-section-height-default elementor-section-height-default\" data-id=\"d7e1995\" data-element_type=\"section\" data-e-type=\"section\" data-settings=\"{&quot;_ha_eqh_enable&quot;:false}\">\n\t\t\t\t\t\t<div class=\"elementor-container elementor-column-gap-default\">\n\t\t\t\t\t<div class=\"elementor-column elementor-col-100 elementor-top-column elementor-element elementor-element-0758642\" data-id=\"0758642\" data-element_type=\"column\" data-e-type=\"column\">\n\t\t\t<div class=\"elementor-widget-wrap elementor-element-populated\">\n\t\t\t\t\t\t<div class=\"elementor-element elementor-element-b1c58cc elementor-widget elementor-widget-heading\" data-id=\"b1c58cc\" data-element_type=\"widget\" data-e-type=\"widget\" data-widget_type=\"heading.default\">\n\t\t\t\t<div class=\"elementor-widget-container\">\n\t\t\t\t\t<h2 class=\"elementor-heading-title elementor-size-default\">Sintomas da perda auditiva<\/h2>\t\t\t\t<\/div>\n\t\t\t\t<\/div>\n\t\t\t\t\t<\/div>\n\t\t<\/div>\n\t\t\t\t\t<\/div>\n\t\t<\/section>\n\t\t\t\t<section class=\"elementor-section elementor-top-section elementor-element elementor-element-0d2b8ee elementor-section-boxed elementor-section-height-default elementor-section-height-default\" data-id=\"0d2b8ee\" data-element_type=\"section\" data-e-type=\"section\" data-settings=\"{&quot;_ha_eqh_enable&quot;:false}\">\n\t\t\t\t\t\t<div class=\"elementor-container elementor-column-gap-default\">\n\t\t\t\t\t<div class=\"elementor-column elementor-col-100 elementor-top-column elementor-element elementor-element-6b499f5\" data-id=\"6b499f5\" data-element_type=\"column\" data-e-type=\"column\">\n\t\t\t<div class=\"elementor-widget-wrap elementor-element-populated\">\n\t\t\t\t\t\t<section class=\"elementor-section elementor-inner-section elementor-element elementor-element-e9c6fb1 elementor-section-boxed elementor-section-height-default elementor-section-height-default\" data-id=\"e9c6fb1\" data-element_type=\"section\" data-e-type=\"section\" data-settings=\"{&quot;_ha_eqh_enable&quot;:false}\">\n\t\t\t\t\t\t<div class=\"elementor-container elementor-column-gap-default\">\n\t\t\t\t\t<div class=\"elementor-column elementor-col-100 elementor-inner-column elementor-element elementor-element-4e04fb9\" data-id=\"4e04fb9\" data-element_type=\"column\" data-e-type=\"column\">\n\t\t\t<div class=\"elementor-widget-wrap elementor-element-populated\">\n\t\t\t\t\t\t<div class=\"elementor-element elementor-element-abd3d61 elementor-widget elementor-widget-text-editor\" data-id=\"abd3d61\" data-element_type=\"widget\" data-e-type=\"widget\" data-widget_type=\"text-editor.default\">\n\t\t\t\t<div class=\"elementor-widget-container\">\n\t\t\t\t\t\t\t\t\t<div class=\"spot-text-right\"><div class=\"spot-text-right\"><p class=\"bigger\">Se voc\u00ea responder SIM para uma ou mais dessas perguntas, \u00e9 prov\u00e1vel que tenha perda auditiva.<\/p><\/div><div class=\"spot-text-left\"><p><b>1.\u00a0<\/b>Voc\u00ea acha que as pessoas ao seu redor murmuraram ou falam baixo?<b><br \/><br \/>2.\u00a0<\/b>Voc\u00ea acha conversas em restaurantes ou lugares lotados dif\u00edceis?<b><br \/><br \/>3.\u00a0<\/b>Voc\u00ea costuma aumentar o volume da sua TV, r\u00e1dio ou telefone?<br \/><b><br \/>4.\u00a0<\/b>Os amigos e familiares se queixam de repetir o que eles dizem?<b><br \/><br \/>5.\u00a0<\/b>Voc\u00ea precisa olhar para os rostos das pessoas para poder entender o que eles est\u00e3o dizendo?<b><br \/><br \/><\/b><strong>6<\/strong>. Voc\u00ea percebeu que os sons do dia a dia, como o twitter dos p\u00e1ssaros, os passos ou o rel\u00f3gio, desapareceram?<\/p><\/div><\/div>\t\t\t\t\t\t\t\t<\/div>\n\t\t\t\t<\/div>\n\t\t\t\t\t<\/div>\n\t\t<\/div>\n\t\t\t\t\t<\/div>\n\t\t<\/section>\n\t\t\t\t\t<\/div>\n\t\t<\/div>\n\t\t\t\t\t<\/div>\n\t\t<\/section>\n\t\t\t\t<section class=\"elementor-section elementor-top-section elementor-element elementor-element-231fb5b elementor-section-boxed elementor-section-height-default elementor-section-height-default\" data-id=\"231fb5b\" data-element_type=\"section\" data-e-type=\"section\" data-settings=\"{&quot;_ha_eqh_enable&quot;:false}\">\n\t\t\t\t\t\t<div class=\"elementor-container elementor-column-gap-default\">\n\t\t\t\t\t<div class=\"elementor-column elementor-col-100 elementor-top-column elementor-element elementor-element-5f8f289\" data-id=\"5f8f289\" data-element_type=\"column\" data-e-type=\"column\">\n\t\t\t<div class=\"elementor-widget-wrap elementor-element-populated\">\n\t\t\t\t\t\t<div class=\"elementor-element elementor-element-fa72690 elementor-widget elementor-widget-heading\" data-id=\"fa72690\" data-element_type=\"widget\" data-e-type=\"widget\" data-widget_type=\"heading.default\">\n\t\t\t\t<div class=\"elementor-widget-container\">\n\t\t\t\t\t<h2 class=\"elementor-heading-title elementor-size-default\">O que causa perda auditiva?<\/h2>\t\t\t\t<\/div>\n\t\t\t\t<\/div>\n\t\t\t\t\t<\/div>\n\t\t<\/div>\n\t\t\t\t\t<\/div>\n\t\t<\/section>\n\t\t\t\t<section class=\"elementor-section elementor-top-section elementor-element elementor-element-2279e9d elementor-section-boxed elementor-section-height-default elementor-section-height-default\" data-id=\"2279e9d\" data-element_type=\"section\" data-e-type=\"section\" data-settings=\"{&quot;_ha_eqh_enable&quot;:false}\">\n\t\t\t\t\t\t<div class=\"elementor-container elementor-column-gap-default\">\n\t\t\t\t\t<div class=\"elementor-column elementor-col-100 elementor-top-column elementor-element elementor-element-9ddb649\" data-id=\"9ddb649\" data-element_type=\"column\" data-e-type=\"column\">\n\t\t\t<div class=\"elementor-widget-wrap elementor-element-populated\">\n\t\t\t\t\t\t<section class=\"elementor-section elementor-inner-section elementor-element elementor-element-4d4ec9e elementor-section-boxed elementor-section-height-default elementor-section-height-default\" data-id=\"4d4ec9e\" data-element_type=\"section\" data-e-type=\"section\" data-settings=\"{&quot;_ha_eqh_enable&quot;:false}\">\n\t\t\t\t\t\t<div class=\"elementor-container elementor-column-gap-default\">\n\t\t\t\t\t<div class=\"elementor-column elementor-col-100 elementor-inner-column elementor-element elementor-element-1d60479\" data-id=\"1d60479\" data-element_type=\"column\" data-e-type=\"column\">\n\t\t\t<div class=\"elementor-widget-wrap elementor-element-populated\">\n\t\t\t\t\t\t<div class=\"elementor-element elementor-element-29416cf elementor-widget elementor-widget-text-editor\" data-id=\"29416cf\" data-element_type=\"widget\" data-e-type=\"widget\" data-widget_type=\"text-editor.default\">\n\t\t\t\t<div class=\"elementor-widget-container\">\n\t\t\t\t\t\t\t\t\t<div class=\"spot-text-right\"><div class=\"component rich-text margin2 slim component-ready animate\"><div class=\"component-content\"><p class=\"bigger\">A perda auditiva \u00e9 frequentemente associada ao avan\u00e7o da idade, mas isso nem sempre \u00e9 o caso. Embora possa atingir pessoas de qualquer idade, a condi\u00e7\u00e3o aparece mais frequentemente ap\u00f3s os 65 anos de idade. Mas tamb\u00e9m pode ser causada por infec\u00e7\u00f5es, les\u00f5es ou defeitos de nascen\u00e7a.\u00a0<\/p><\/div><\/div><div class=\"component text-image-spot iright tposmiddle component-ready repeating-background version2 animate\"><div class=\"component-content\"><div class=\"text-image-spot-image-container\"><div class=\"text-image-spot-image\">\u00a0<\/div><\/div><\/div><\/div><\/div>\t\t\t\t\t\t\t\t<\/div>\n\t\t\t\t<\/div>\n\t\t\t\t\t<\/div>\n\t\t<\/div>\n\t\t\t\t\t<\/div>\n\t\t<\/section>\n\t\t\t\t\t<\/div>\n\t\t<\/div>\n\t\t\t\t\t<\/div>\n\t\t<\/section>\n\t\t\t\t<section class=\"elementor-section elementor-top-section elementor-element elementor-element-e724872 elementor-section-boxed elementor-section-height-default elementor-section-height-default\" data-id=\"e724872\" data-element_type=\"section\" data-e-type=\"section\" data-settings=\"{&quot;_ha_eqh_enable&quot;:false}\">\n\t\t\t\t\t\t<div class=\"elementor-container elementor-column-gap-default\">\n\t\t\t\t\t<div class=\"elementor-column elementor-col-100 elementor-top-column elementor-element elementor-element-bf218cc\" data-id=\"bf218cc\" data-element_type=\"column\" data-e-type=\"column\">\n\t\t\t<div class=\"elementor-widget-wrap elementor-element-populated\">\n\t\t\t\t\t\t<div class=\"elementor-element elementor-element-6abc594 elementor-widget elementor-widget-text-editor\" data-id=\"6abc594\" data-element_type=\"widget\" data-e-type=\"widget\" data-widget_type=\"text-editor.default\">\n\t\t\t\t<div class=\"elementor-widget-container\">\n\t\t\t\t\t\t\t\t\t<div class=\"component rich-text margin2 slim component-ready animate\"><div class=\"component-content\"><h2>O que causa perda auditiva?<\/h2><p class=\"bigger\">A perda auditiva \u00e9 frequentemente associada ao avan\u00e7o da idade, mas isso nem sempre \u00e9 o caso. Embora possa atingir pessoas de qualquer idade, a condi\u00e7\u00e3o aparece mais frequentemente ap\u00f3s os 65 anos de idade. Mas tamb\u00e9m pode ser causada por infec\u00e7\u00f5es, les\u00f5es ou defeitos de nascen\u00e7a.\u00a0<\/p><\/div><\/div><div class=\"component text-image-spot iright tposmiddle component-ready repeating-background version2 animate\"><div class=\"component-content\"><div class=\"text-image-spot-image-container\"><div class=\"text-image-spot-image\"><img loading=\"lazy\" decoding=\"async\" src=\"https:\/\/assets-ue.cas.dgs.com\/-\/media\/oticon\/main\/images\/hearing\/text-image-spot\/xage-related-hearing-loss.jpg,qh=560,ala=pt-BR,aw=830,ahash=46EC5748E5D1530BA884F0EA04C3DFBD.pagespeed.ic.yn12aLkAqT.webp\" alt=\"\" width=\"830\" height=\"560\" data-pagespeed-url-hash=\"2016910676\" \/><\/div><\/div><div class=\"text-image-spot-text-container\"><div class=\"text-image-spot-text\"><p><strong>Perda auditiva relacionada \u00e0 idade\u00a0<\/strong><br \/>\u00c0 medida que envelhecemos, podemos perder a capacidade de ouvir sons mais suaves e agudos. O som dos p\u00e1ssaros \u00e9 bastante f\u00e1cil de viver sem, mas passar quando voc\u00ea perde alguns dos blocos de constru\u00e7\u00e3o do discurso \u00e9 um neg\u00f3cio muito mais desafiador.<br \/><br \/>A perda auditiva relacionada \u00e0 idade \u00e9 causada pelo desgaste di\u00e1rio da vida do sistema auditivo, e os sintomas mais comuns s\u00e3o problemas para ouvir vozes suaves, bem como problemas para ouvir a fala quando o ru\u00eddo de fundo est\u00e1 presente. Muitas vezes, os membros da fam\u00edlia notar\u00e3o perda auditiva relacionada \u00e0 idade antes que a pessoa com a perda seja realmente incomodada por isso<\/p><\/div><\/div><div class=\"clearfix\">\u00a0<\/div><\/div><\/div><div class=\"component text-image-spot margin4 tposmiddle component-ready repeating-background version2 animate\"><div class=\"component-content\"><div class=\"text-image-spot-image-container\"><div class=\"text-image-spot-image\"><img loading=\"lazy\" decoding=\"async\" src=\"https:\/\/assets-ue.cas.dgs.com\/-\/media\/oticon\/main\/images\/hearing\/text-image-spot\/xnoise-induced-hearing-loss.jpg,qh=560,ala=pt-BR,aw=830,ahash=D605843FA0F8538E43A3519E92945B8A.pagespeed.ic.MM7k6rv_9D.webp\" alt=\"\" width=\"830\" height=\"560\" data-pagespeed-url-hash=\"4052333833\" \/><\/div><\/div><div class=\"text-image-spot-text-container\"><div class=\"text-image-spot-text\"><p><strong>Perda auditiva induzida por ru\u00eddo<\/strong><br \/>Isso geralmente \u00e9 causado por excesso de exposi\u00e7\u00e3o ao ru\u00eddo excessivo. Isso amea\u00e7a a audi\u00e7\u00e3o de pessoal militar, policiais, trabalhadores da constru\u00e7\u00e3o, trabalhadores de f\u00e1brica, agricultores, dentistas e professores de jardim de inf\u00e2ncia &#8211; para citar apenas alguns. Os concertos de rock e os tocadores de MP3 tamb\u00e9m podem prejudicar a audi\u00e7\u00e3o das pessoas. A exposi\u00e7\u00e3o regular ao ru\u00eddo alto ir\u00e1 acelerar a perda auditiva. \u00c9 por isso que \u00e9 importante sempre usar protetores auriculares se voc\u00ea estiver exposto a barulho excessivo.<\/p><\/div><\/div><div class=\"clearfix\">\u00a0<\/div><\/div><\/div><div class=\"component rich-text slim margin2 component-ready repeating-background animate\"><div class=\"component-content\"><h2>Tipos de perda auditiva<\/h2><p class=\"bigger\">As causas mais comuns de perda auditiva s\u00e3o idade ou sobreexposi\u00e7\u00e3o ao ru\u00eddo alto. Mas a perda de audi\u00e7\u00e3o tamb\u00e9m pode ser causada por infec\u00e7\u00e3o, ferimento na cabe\u00e7a, tratamentos contra o c\u00e2ncer ou tomar certos medicamentos.<br \/><br \/>A perda auditiva pode ser causada por problemas na orelha externa e m\u00e9dia ou por c\u00e9lulas ou fibras danificadas no ouvido interno. Ou pode ser uma combina\u00e7\u00e3o de ambos.<\/p><p><strong>Perda auditiva do ouvido externo e m\u00e9dio (condutiva)<\/strong><br \/>A perda auditiva condutiva \u00e9 causada por problemas na orelha externa e m\u00e9dia, o que pode impedir que os sons passem pelo ouvido interno. A causa mais comum pode ser uma acumula\u00e7\u00e3o de cera no canal auditivo, t\u00edmpanos perfurados, l\u00edquido na orelha m\u00e9dia ou ossos danificados ou defeituosos da orelha m\u00e9dia (oss\u00edculos).<\/p><p><strong>Perda auditiva no ouvido interno (neurossensorial)<br \/><\/strong>Este tipo de perda de audi\u00e7\u00e3o ocorre quando as fibras nervosas delicadas na orelha interna ficam danificadas. Isso os impede de transmitir o som corretamente. Pode ser causada por exposi\u00e7\u00e3o excessiva ao ru\u00eddo, mas as causas mais comuns de perda auditiva neurossensorial s\u00e3o os processos naturais do envelhecimento. Para alguns, as c\u00e9lulas sensoriais se desgastam j\u00e1 com a idade de 50, enquanto outras t\u00eam apenas perda de audi\u00e7\u00e3o insignificante mesmo aos 80 anos. Esta condi\u00e7\u00e3o \u00e9 permanente na maioria dos casos.<\/p><\/div><\/div><div class=\"component intro-banner margin4 semi-full-height component-wait img-fallback wide-image component-ready animate\"><div class=\"component-content\"><div class=\"intro-banner-image\"><img loading=\"lazy\" decoding=\"async\" src=\"https:\/\/assets-ue.cas.dgs.com\/-\/media\/oticon\/main\/images\/hearing\/bannerspot\/xhearing-loss-can-affect-your-social-life.jpg,qh=900,ala=pt-BR,aw=1920,ahash=4F8F8ED81E227D2F7DE70DA1F3C89511.pagespeed.ic.ldkHCqvb5q.webp\" alt=\"\" width=\"1920\" height=\"900\" data-pagespeed-url-hash=\"786483888\" \/><\/div><div class=\"intro-banner-content\"><div class=\"outer-pos-wrapper\"><div class=\"inner-pos-wrapper\"><div class=\"intro-banner-text\">\u00a0<\/div><div class=\"intro-banner-link\">\u00a0<\/div><\/div><\/div><\/div><\/div><\/div><div class=\"component rich-text margin4 slim component-ready animate\"><div class=\"component-content\"><h2>A perda auditiva pode afetar sua vida social<\/h2><p class=\"bigger\">A perda auditiva n\u00e3o tratada pode fazer voc\u00ea se retirar da socializa\u00e7\u00e3o porque as conversas demandam muito mais energia mental. Sem tratamento, a perda de audi\u00e7\u00e3o pode levar a sentimentos de isolamento e depress\u00e3o.<br \/><br \/>Veja se algumas dessas preocupa\u00e7\u00f5es relacionadas \u00e0 perda auditiva se aplicam a voc\u00ea ou se voc\u00ea suspeita que se encaixem a uma pessoa pr\u00f3xima a voc\u00ea:<\/p><p>\u2022 Muitas vezes fico inseguro quando estou fora, j\u00e1 que n\u00e3o sei de onde s\u00e3o provenientes os sons\u00a0<\/p><p>\u2022 Muitas vezes me sinto deprimido e sozinho<\/p><p>\u2022 Muitas vezes fico cansado e preciso descansar ap\u00f3s o trabalho<\/p><p>\u2022 Tenho problemas de mem\u00f3ria<\/p><p>\u2022 Tenho problemas para reconhecer o discurso, especialmente em encontros com outras pessoas\u00a0<\/p><p>\u2022 Minha perda de audi\u00e7\u00e3o diminuiu minha qualidade de vida\u00a0<\/p><p>\u2022 Minha perda de audi\u00e7\u00e3o n\u00e3o me afeta apenas, tamb\u00e9m afeta minha fam\u00edlia<\/p><br \/><p>\u00c9 importante procurar ajuda se voc\u00ea sentir sinais de perda de audi\u00e7\u00e3o em voc\u00ea ou em um ente querido.<\/p><p><a class=\"link\" tabindex=\"5\" href=\"https:\/\/www.oticon.com.br\/hearing-aid-users\/hearing-loss\/understand-hearing-loss\/relatives\">Saiba mais em nosso Suporte aos parentes<\/a><\/p><\/div><\/div>\t\t\t\t\t\t\t\t<\/div>\n\t\t\t\t<\/div>\n\t\t\t\t\t<\/div>\n\t\t<\/div>\n\t\t\t\t\t<\/div>\n\t\t<\/section>\n\t\t\t\t<\/div>\n\t\t","protected":false},"excerpt":{"rendered":"<p>1 em 6 adultos possuem algum grau de perda auditiva. Imagine jantar em um restaurante movimentado. No fundo, existem pratos raspando, cadeiras arrastando, pessoas falando e rindo, e gar\u00e7ons correndo. Voc\u00ea est\u00e1 esfor\u00e7ando-se para acompanhar o que est\u00e1 acontecendo em sua mesa &#8211; e o esfor\u00e7o de fazer isso est\u00e1 come\u00e7ando a fazer voc\u00ea se [&hellip;]<\/p>\n","protected":false},"author":2,"featured_media":3130,"comment_status":"open","ping_status":"open","sticky":false,"template":"elementor_header_footer","format":"standard","meta":{"footnotes":""},"categories":[1],"tags":[],"class_list":["post-3306","post","type-post","status-publish","format-standard","has-post-thumbnail","hentry","category-dicas-de-exames-audiologicos","entry","has-media"],"jetpack_featured_media_url":"https:\/\/audiohear.com.br\/wp-content\/uploads\/2025\/03\/HomePage-ExploreWork.jpg","_links":{"self":[{"href":"https:\/\/audiohear.com.br\/index.php?rest_route=\/wp\/v2\/posts\/3306","targetHints":{"allow":["GET"]}}],"collection":[{"href":"https:\/\/audiohear.com.br\/index.php?rest_route=\/wp\/v2\/posts"}],"about":[{"href":"https:\/\/audiohear.com.br\/index.php?rest_route=\/wp\/v2\/types\/post"}],"author":[{"embeddable":true,"href":"https:\/\/audiohear.com.br\/index.php?rest_route=\/wp\/v2\/users\/2"}],"replies":[{"embeddable":true,"href":"https:\/\/audiohear.com.br\/index.php?rest_route=%2Fwp%2Fv2%2Fcomments&post=3306"}],"version-history":[{"count":5,"href":"https:\/\/audiohear.com.br\/index.php?rest_route=\/wp\/v2\/posts\/3306\/revisions"}],"predecessor-version":[{"id":3315,"href":"https:\/\/audiohear.com.br\/index.php?rest_route=\/wp\/v2\/posts\/3306\/revisions\/3315"}],"wp:featuredmedia":[{"embeddable":true,"href":"https:\/\/audiohear.com.br\/index.php?rest_route=\/wp\/v2\/media\/3130"}],"wp:attachment":[{"href":"https:\/\/audiohear.com.br\/index.php?rest_route=%2Fwp%2Fv2%2Fmedia&parent=3306"}],"wp:term":[{"taxonomy":"category","embeddable":true,"href":"https:\/\/audiohear.com.br\/index.php?rest_route=%2Fwp%2Fv2%2Fcategories&post=3306"},{"taxonomy":"post_tag","embeddable":true,"href":"https:\/\/audiohear.com.br\/index.php?rest_route=%2Fwp%2Fv2%2Ftags&post=3306"}],"curies":[{"name":"wp","href":"https:\/\/api.w.org\/{rel}","templated":true}]}}